{"id":6565,"date":"2019-12-09T11:37:22","date_gmt":"2019-12-09T10:37:22","guid":{"rendered":"https:\/\/niipit.dk\/suzannizabella\/?p=6565"},"modified":"2020-04-26T21:13:08","modified_gmt":"2020-04-26T19:13:08","slug":"jeg-har-lyst-til-at-forsvinde","status":"publish","type":"post","link":"https:\/\/niipit.dk\/suzannizabella\/jeg-har-lyst-til-at-forsvinde\/","title":{"rendered":"Jeg har lyst til at forsvinde&#8230;"},"content":{"rendered":"\n<h1 class=\"wp-block-heading\">Jeg har lyst til at forsvinde\u2026<\/h1>\n\n\n\n<h3 class=\"wp-block-heading\">Min historie, min f\u00f8lelser og frygten, af ikke at f\u00f8le mig god nok v\u00e6lter ind over mig&#8230;. <\/h3>\n\n\n\n<p>Fordi lille\nSuzann er pisse bange for at der skal ske hende noget, lige som dengang hun var\nbarn&#8230; <\/p>\n\n\n\n<p>Min barndom\nder var fyldt med masser af drama, kritik, og had. <\/p>\n\n\n\n<p>Jeg har lyst\ntil at forsvinde&#8230; <\/p>\n\n\n\n<p>l\u00f8be v\u00e6k&#8230;.<\/p>\n\n\n\n<h3 class=\"wp-block-heading\">langt v\u00e6k og gemme mig, hvor ingen kan finde mig, fordi jeg skammer mig&#8230;<\/h3>\n\n\n\n<p>Ligesom dengang da jeg var barn, fordi jeg f\u00f8lte mig forkert, og afvist&#8230;<\/p>\n\n\n\n<p> og ikke f\u00f8lte der var nogen der elskede mig. <\/p>\n\n\n\n<h4 class=\"wp-block-heading\">Den sidste tid har jeg v\u00e6ret i den smukkeste, og fantastiske men ogs\u00e5 mest s\u00e5rbare udvikling jeg nogensinde har v\u00e6ret i.<\/h4>\n\n\n\n<p>Og jeg l\u00f8ber ingen steder&#8230;<\/p>\n\n\n\n<h4 class=\"wp-block-heading\">Idag tillader jeg min styrke at v\u00e6re st\u00e6rkere end min frygt, og elsker mig selv uanset hvad der sker. <\/h4>\n\n\n\n<h4 class=\"wp-block-heading\">fordi jeg har indset at&#8230;. <\/h4>\n\n\n\n<h2 class=\"wp-block-heading\"> Jeg er p\u00e5 en mission der er st\u00f8rre end mig selv og frygten for at fejle. <\/h2>\n\n\n\n<figure class=\"wp-block-image size-large is-style-default\"><img loading=\"lazy\" decoding=\"async\" width=\"1024\" height=\"1024\" src=\"https:\/\/niipit.dk\/suzannizabella\/wp-content\/uploads\/sites\/233\/2019\/12\/Jeg-er-p\u00e5-en-mission-1024x1024.jpg\" alt=\"\" class=\"wp-image-6609\" srcset=\"https:\/\/niipit.dk\/suzannizabella\/wp-content\/uploads\/sites\/233\/2019\/12\/Jeg-er-p\u00e5-en-mission-1024x1024.jpg 1024w, https:\/\/niipit.dk\/suzannizabella\/wp-content\/uploads\/sites\/233\/2019\/12\/Jeg-er-p\u00e5-en-mission-300x300.jpg 300w, https:\/\/niipit.dk\/suzannizabella\/wp-content\/uploads\/sites\/233\/2019\/12\/Jeg-er-p\u00e5-en-mission-150x150.jpg 150w, https:\/\/niipit.dk\/suzannizabella\/wp-content\/uploads\/sites\/233\/2019\/12\/Jeg-er-p\u00e5-en-mission-768x768.jpg 768w, https:\/\/niipit.dk\/suzannizabella\/wp-content\/uploads\/sites\/233\/2019\/12\/Jeg-er-p\u00e5-en-mission-1536x1536.jpg 1536w, https:\/\/niipit.dk\/suzannizabella\/wp-content\/uploads\/sites\/233\/2019\/12\/Jeg-er-p\u00e5-en-mission-2048x2048.jpg 2048w, https:\/\/niipit.dk\/suzannizabella\/wp-content\/uploads\/sites\/233\/2019\/12\/Jeg-er-p\u00e5-en-mission-600x600.jpg 600w, https:\/\/niipit.dk\/suzannizabella\/wp-content\/uploads\/sites\/233\/2019\/12\/Jeg-er-p\u00e5-en-mission-100x100.jpg 100w\" sizes=\"auto, (max-width: 1024px) 100vw, 1024px\" \/><\/figure>\n\n\n\n<p><strong>Jeg kan ikke l\u00e6ngere overh\u00f8re mit kald, fordi jeg ville skamme mig og ikke kunne se mig selv i \u00f8jnene, hvis jeg bare l\u00f8b v\u00e6k, med halen mellem benene og ikke lyttede til det der er vigtigt for mig.<\/strong><br><\/p>\n\n\n\n<p><strong>Med den visdom jeg har f\u00e5et, nemlig at komme ud med mit budskab til s\u00e5 mange m\u00f8dre som muligt som kan f\u00e5 gl\u00e6de af min historie, viden og erfaring.<\/strong><\/p>\n\n\n\n<p><\/p>\n\n\n\n<p>H<strong>j\u00e6lpe s\u00e5 mange med at give dem og deres b\u00f8rn en lettere hverdag samt at hj\u00e6lpe dem med deres b\u00f8rn mere selvtillid og meget bedre selvv\u00e6rd, s\u00e5 det er det jeg har fokus p\u00e5. <\/strong><\/p>\n\n\n\n<p>S\u00e5 jeg gl\u00e6der mig meget, til at dele min viden, indsigter og visdom med dig, og h\u00e5ber at du vil tage rigtig godt imod mig og min historie.<br><br>Du hjertelig velkommen i min gruppe, hvor jeg GRATIS deler med dig hvordan du kan hj\u00e6lpe dit barn med at f\u00e5 mere selvtillid og et bedre selvv\u00e6rd ved at skrive &#8220;Ja tak&#8221; nede i kommentarfeltet, s\u00e5 sender jeg dig en privat besked til dig p\u00e5 Messenger&nbsp; <\/p>\n\n\n\n<div class=\"wp-block-button\"><a class=\"wp-block-button__link has-text-color has-very-dark-gray-color has-background\" href=\"mailto:suzannizabella@gmail.com\" style=\"background-color:#eabcac\">Ja tak jeg vil gerne med i gruppen <\/a><\/div>\n\n\n\n<h2 class=\"wp-block-heading\">Her er udtalelser fra de sk\u00f8nne m\u00f8dre, som jeg har hjulpet over de sidste par forl\u00f8b&nbsp;&nbsp; <\/h2>\n\n\n\n<p> ????  \u27a1  ???? Hej Suzann <br><br>&#8220;Tusind tak for din hj\u00e6lp, min s\u00f8n har f\u00e5et mere selvv\u00e6rd og selvtillid, f\u00f8r gik han og sagde (jeg dur ikke til noget, ingen kan li\u00b4 mig&#8221;<\/p>\n\n\n\n<p> ????  \u27a1  ????  Hej Suzann.<\/p>\n\n\n\n<p>Jeg bruger mere tid nu p\u00e5 at se\/h\u00f8re hans behov og sp\u00f8rg hvordan han har det. Jeg m\u00e6rker at han giver mere af sig selv og er gladere.<\/p>\n\n\n\n<p><\/p>\n\n\n\n<p> ????  \u27a1  ???? Hej Suzann.<\/p>\n\n\n\n<p>Tusind tak for hj\u00e6lpen.<br> I dag g\u00e5r det meget nemmer, n\u00e5r vi skal i seng om aften hvor han f\u00f8r l\u00e5 l\u00e6nge og havde sv\u00e6rt ved at falde til ro. <\/p>\n\n\n\n<p><\/p>\n\n\n\n<p> ????  \u27a1  ???? Hej Suzann.<\/p>\n\n\n\n<p>Tak for hj\u00e6lpen.<br> Jeg havde ikke t\u00e6nkt p\u00e5, at det at anerkende f\u00f8lelser at noget kan v\u00e6re sv\u00e6rt er mindst lige s\u00e5 vigtigt som at rose.<\/p>\n\n\n\n<h2 class=\"wp-block-heading\">Du kan f\u00e5 min hj\u00e6lp allerede idag.!<\/h2>\n\n\n\n<p><\/p>\n\n\n\n<p>S\u00c5DAN f\u00e5r du dit barn i seng, p\u00e5&nbsp;<strong><em>rekord tid,-<\/em><\/strong>&nbsp;p\u00e5 en let og k\u00e6rlig m\u00e5de,&nbsp;<strong>helt uden disksutioner og konflikter.<\/strong><\/p>\n\n\n\n<p><\/p>\n\n\n\n<p><strong>Jeg guider dig igennem de 4 trin du skal igennem.<\/strong><\/p>\n\n\n\n<p><strong>Du f\u00e5r en en helt ny metode du skal f\u00f8lge&#8230;<\/strong><\/p>\n\n\n\n<div class=\"wp-block-button aligncenter is-style-fill\"><a class=\"wp-block-button__link has-text-color has-very-dark-gray-color has-background\" href=\"https:\/\/ezme.io\/c\/Pv\/eYYb\" style=\"background-color:#eabcac;border-radius:29px\">Ja tak, jeg henter min guide nu<\/a><\/div>\n\n\n\n<figure class=\"wp-block-image size-large\"><a href=\"https:\/\/ezme.io\/c\/Pv\/eYYb\"><img loading=\"lazy\" decoding=\"async\" width=\"750\" height=\"750\" src=\"https:\/\/niipit.dk\/suzannizabella\/wp-content\/uploads\/sites\/233\/2019\/12\/Iphone-m-e2b091.png\" alt=\"\" class=\"wp-image-6568\" srcset=\"https:\/\/niipit.dk\/suzannizabella\/wp-content\/uploads\/sites\/233\/2019\/12\/Iphone-m-e2b091.png 750w, https:\/\/niipit.dk\/suzannizabella\/wp-content\/uploads\/sites\/233\/2019\/12\/Iphone-m-e2b091-300x300.png 300w, https:\/\/niipit.dk\/suzannizabella\/wp-content\/uploads\/sites\/233\/2019\/12\/Iphone-m-e2b091-150x150.png 150w, https:\/\/niipit.dk\/suzannizabella\/wp-content\/uploads\/sites\/233\/2019\/12\/Iphone-m-e2b091-600x600.png 600w, https:\/\/niipit.dk\/suzannizabella\/wp-content\/uploads\/sites\/233\/2019\/12\/Iphone-m-e2b091-100x100.png 100w\" sizes=\"auto, (max-width: 750px) 100vw, 750px\" \/><\/a><figcaption><strong> Klik p\u00e5 Billedet og hent din guide nu.!&nbsp; <\/strong><\/figcaption><\/figure>\n\n\n\n<p>Form\u00e5let med guiden er at du f\u00e5 en meget lettere hverdag og at du skaber en bro mellem dig og dit barn til bedre kommunikation og gensidig empati og forst\u00e5else.<\/p>\n\n\n\n<p>N\u00e5r du har gennemg\u00e5et guiden er det meget lettere og mere overskueligt at f\u00e5 dit barn i seng.<\/p>\n\n\n\n<p>&nbsp;Det er vigtigt for mig at du lykkedes og derfor har jeg gjort denne guide meget enkel og tydelig, og lige klar til at g\u00e5 igang efter du har set videon.<\/p>\n\n\n\n<h2 class=\"wp-block-heading\">Jeg er helt sikker p\u00e5 at du vil f\u00e5 helt vildt meget ud af denne her guide.<\/h2>\n\n\n\n<p>Rigtig god forn\u00f8jelse.!!<br><br>K\u00e6rligst Suzann Izabella<\/p>\n","protected":false},"excerpt":{"rendered":"<p>Jeg har lyst til at forsvinde\u2026 Min historie, min f\u00f8lelser og frygten, af ikke at f\u00f8le mig god nok v\u00e6lter ind over mig&#8230;. Fordi lille Suzann er pisse bange for at der skal ske hende noget, lige som dengang hun var barn&#8230; Min barndom der var fyldt med masser af drama, kritik, og had. Jeg <a class=\"moretag btn btn-primary\" href=\"https:\/\/niipit.dk\/suzannizabella\/jeg-har-lyst-til-at-forsvinde\/\">L\u00e6s mere<\/a><\/p>\n","protected":false},"author":909,"featured_media":0,"comment_status":"open","ping_status":"closed","sticky":false,"template":"","format":"standard","meta":{"_exactmetrics_skip_tracking":false,"_exactmetrics_sitenote_active":false,"_exactmetrics_sitenote_note":"","_exactmetrics_sitenote_category":0,"_monsterinsights_skip_tracking":false,"_monsterinsights_sitenote_active":false,"_monsterinsights_sitenote_note":"","_monsterinsights_sitenote_category":0,"footnotes":""},"categories":[1],"tags":[],"class_list":["post-6565","post","type-post","status-publish","format-standard","hentry","category-blog"],"yoast_head":"<!-- This site is optimized with the Yoast SEO Premium plugin v16.3 (Yoast SEO v27.4) - https:\/\/yoast.com\/product\/yoast-seo-premium-wordpress\/ -->\n<title>Jeg har lyst til at forsvinde... - SUZANN IZABELLA<\/title>\n<meta name=\"robots\" content=\"index, follow, max-snippet:-1, max-image-preview:large, max-video-preview:-1\" \/>\n<link rel=\"canonical\" href=\"https:\/\/niipit.dk\/suzannizabella\/jeg-har-lyst-til-at-forsvinde\/\" \/>\n<meta property=\"og:locale\" content=\"da_DK\" \/>\n<meta property=\"og:type\" content=\"article\" \/>\n<meta property=\"og:title\" content=\"Jeg har lyst til at forsvinde... - SUZANN IZABELLA\" \/>\n<meta property=\"og:description\" content=\"Jeg har lyst til at forsvinde\u2026 Min historie, min f\u00f8lelser og frygten, af ikke at f\u00f8le mig god nok v\u00e6lter ind over mig&#8230;. Fordi lille Suzann er pisse bange for at der skal ske hende noget, lige som dengang hun var barn&#8230; Min barndom der var fyldt med masser af drama, kritik, og had. Jeg L\u00e6s mere\" \/>\n<meta property=\"og:url\" content=\"https:\/\/niipit.dk\/suzannizabella\/jeg-har-lyst-til-at-forsvinde\/\" \/>\n<meta property=\"og:site_name\" content=\"SUZANN IZABELLA\" \/>\n<meta property=\"article:published_time\" content=\"2019-12-09T10:37:22+00:00\" \/>\n<meta property=\"article:modified_time\" content=\"2020-04-26T19:13:08+00:00\" \/>\n<meta property=\"og:image\" content=\"https:\/\/niipit.dk\/suzannizabella\/wp-content\/uploads\/sites\/233\/2019\/12\/Iphone-m-e2b091.png\" \/>\n<meta name=\"author\" content=\"SuzannIzabella\" \/>\n<meta name=\"twitter:card\" content=\"summary_large_image\" \/>\n<meta name=\"twitter:label1\" content=\"Skrevet af\" \/>\n\t<meta name=\"twitter:data1\" content=\"SuzannIzabella\" \/>\n\t<meta name=\"twitter:label2\" content=\"Estimeret l\u00e6setid\" \/>\n\t<meta name=\"twitter:data2\" content=\"4 minutter\" \/>\n<script type=\"application\/ld+json\" class=\"yoast-schema-graph\">{\"@context\":\"https:\\\/\\\/schema.org\",\"@graph\":[{\"@type\":\"Article\",\"@id\":\"https:\\\/\\\/niipit.dk\\\/suzannizabella\\\/jeg-har-lyst-til-at-forsvinde\\\/#article\",\"isPartOf\":{\"@id\":\"https:\\\/\\\/niipit.dk\\\/suzannizabella\\\/jeg-har-lyst-til-at-forsvinde\\\/\"},\"author\":{\"name\":\"SuzannIzabella\",\"@id\":\"https:\\\/\\\/niipit.dk\\\/suzannizabella\\\/#\\\/schema\\\/person\\\/1040c37d7073f22336cf047cccbc0447\"},\"headline\":\"Jeg har lyst til at forsvinde&#8230;\",\"datePublished\":\"2019-12-09T10:37:22+00:00\",\"dateModified\":\"2020-04-26T19:13:08+00:00\",\"mainEntityOfPage\":{\"@id\":\"https:\\\/\\\/niipit.dk\\\/suzannizabella\\\/jeg-har-lyst-til-at-forsvinde\\\/\"},\"wordCount\":729,\"commentCount\":0,\"image\":{\"@id\":\"https:\\\/\\\/niipit.dk\\\/suzannizabella\\\/jeg-har-lyst-til-at-forsvinde\\\/#primaryimage\"},\"thumbnailUrl\":\"https:\\\/\\\/niipit.dk\\\/suzannizabella\\\/wp-content\\\/uploads\\\/sites\\\/233\\\/2019\\\/12\\\/Iphone-m-e2b091.png\",\"articleSection\":[\"Blog\"],\"inLanguage\":\"da-DK\",\"potentialAction\":[{\"@type\":\"CommentAction\",\"name\":\"Comment\",\"target\":[\"https:\\\/\\\/niipit.dk\\\/suzannizabella\\\/jeg-har-lyst-til-at-forsvinde\\\/#respond\"]}]},{\"@type\":\"WebPage\",\"@id\":\"https:\\\/\\\/niipit.dk\\\/suzannizabella\\\/jeg-har-lyst-til-at-forsvinde\\\/\",\"url\":\"https:\\\/\\\/niipit.dk\\\/suzannizabella\\\/jeg-har-lyst-til-at-forsvinde\\\/\",\"name\":\"Jeg har lyst til at forsvinde... - SUZANN IZABELLA\",\"isPartOf\":{\"@id\":\"https:\\\/\\\/niipit.dk\\\/suzannizabella\\\/#website\"},\"primaryImageOfPage\":{\"@id\":\"https:\\\/\\\/niipit.dk\\\/suzannizabella\\\/jeg-har-lyst-til-at-forsvinde\\\/#primaryimage\"},\"image\":{\"@id\":\"https:\\\/\\\/niipit.dk\\\/suzannizabella\\\/jeg-har-lyst-til-at-forsvinde\\\/#primaryimage\"},\"thumbnailUrl\":\"https:\\\/\\\/niipit.dk\\\/suzannizabella\\\/wp-content\\\/uploads\\\/sites\\\/233\\\/2019\\\/12\\\/Iphone-m-e2b091.png\",\"datePublished\":\"2019-12-09T10:37:22+00:00\",\"dateModified\":\"2020-04-26T19:13:08+00:00\",\"author\":{\"@id\":\"https:\\\/\\\/niipit.dk\\\/suzannizabella\\\/#\\\/schema\\\/person\\\/1040c37d7073f22336cf047cccbc0447\"},\"breadcrumb\":{\"@id\":\"https:\\\/\\\/niipit.dk\\\/suzannizabella\\\/jeg-har-lyst-til-at-forsvinde\\\/#breadcrumb\"},\"inLanguage\":\"da-DK\",\"potentialAction\":[{\"@type\":\"ReadAction\",\"target\":[\"https:\\\/\\\/niipit.dk\\\/suzannizabella\\\/jeg-har-lyst-til-at-forsvinde\\\/\"]}]},{\"@type\":\"ImageObject\",\"inLanguage\":\"da-DK\",\"@id\":\"https:\\\/\\\/niipit.dk\\\/suzannizabella\\\/jeg-har-lyst-til-at-forsvinde\\\/#primaryimage\",\"url\":\"https:\\\/\\\/niipit.dk\\\/suzannizabella\\\/wp-content\\\/uploads\\\/sites\\\/233\\\/2019\\\/12\\\/Iphone-m-e2b091.png\",\"contentUrl\":\"https:\\\/\\\/niipit.dk\\\/suzannizabella\\\/wp-content\\\/uploads\\\/sites\\\/233\\\/2019\\\/12\\\/Iphone-m-e2b091.png\"},{\"@type\":\"BreadcrumbList\",\"@id\":\"https:\\\/\\\/niipit.dk\\\/suzannizabella\\\/jeg-har-lyst-til-at-forsvinde\\\/#breadcrumb\",\"itemListElement\":[{\"@type\":\"ListItem\",\"position\":1,\"name\":\"Hjem\",\"item\":\"https:\\\/\\\/niipit.dk\\\/suzannizabella\\\/\"},{\"@type\":\"ListItem\",\"position\":2,\"name\":\"Jeg har lyst til at forsvinde&#8230;\"}]},{\"@type\":\"WebSite\",\"@id\":\"https:\\\/\\\/niipit.dk\\\/suzannizabella\\\/#website\",\"url\":\"https:\\\/\\\/niipit.dk\\\/suzannizabella\\\/\",\"name\":\"SUZANN IZABELLA\",\"description\":\"K\u00e6rlig kommunikation \u2764 giver k\u00e6rlige b\u00f8rn\",\"potentialAction\":[{\"@type\":\"SearchAction\",\"target\":{\"@type\":\"EntryPoint\",\"urlTemplate\":\"https:\\\/\\\/niipit.dk\\\/suzannizabella\\\/?s={search_term_string}\"},\"query-input\":{\"@type\":\"PropertyValueSpecification\",\"valueRequired\":true,\"valueName\":\"search_term_string\"}}],\"inLanguage\":\"da-DK\"},{\"@type\":\"Person\",\"@id\":\"https:\\\/\\\/niipit.dk\\\/suzannizabella\\\/#\\\/schema\\\/person\\\/1040c37d7073f22336cf047cccbc0447\",\"name\":\"SuzannIzabella\",\"url\":\"https:\\\/\\\/niipit.dk\\\/suzannizabella\\\/author\\\/suzannizabella\\\/\"}]}<\/script>\n<!-- \/ Yoast SEO Premium plugin. -->","yoast_head_json":{"title":"Jeg har lyst til at forsvinde... - SUZANN IZABELLA","robots":{"index":"index","follow":"follow","max-snippet":"max-snippet:-1","max-image-preview":"max-image-preview:large","max-video-preview":"max-video-preview:-1"},"canonical":"https:\/\/niipit.dk\/suzannizabella\/jeg-har-lyst-til-at-forsvinde\/","og_locale":"da_DK","og_type":"article","og_title":"Jeg har lyst til at forsvinde... - SUZANN IZABELLA","og_description":"Jeg har lyst til at forsvinde\u2026 Min historie, min f\u00f8lelser og frygten, af ikke at f\u00f8le mig god nok v\u00e6lter ind over mig&#8230;. Fordi lille Suzann er pisse bange for at der skal ske hende noget, lige som dengang hun var barn&#8230; Min barndom der var fyldt med masser af drama, kritik, og had. Jeg L\u00e6s mere","og_url":"https:\/\/niipit.dk\/suzannizabella\/jeg-har-lyst-til-at-forsvinde\/","og_site_name":"SUZANN IZABELLA","article_published_time":"2019-12-09T10:37:22+00:00","article_modified_time":"2020-04-26T19:13:08+00:00","og_image":[{"url":"https:\/\/niipit.dk\/suzannizabella\/wp-content\/uploads\/sites\/233\/2019\/12\/Iphone-m-e2b091.png","type":"","width":"","height":""}],"author":"SuzannIzabella","twitter_card":"summary_large_image","twitter_misc":{"Skrevet af":"SuzannIzabella","Estimeret l\u00e6setid":"4 minutter"},"schema":{"@context":"https:\/\/schema.org","@graph":[{"@type":"Article","@id":"https:\/\/niipit.dk\/suzannizabella\/jeg-har-lyst-til-at-forsvinde\/#article","isPartOf":{"@id":"https:\/\/niipit.dk\/suzannizabella\/jeg-har-lyst-til-at-forsvinde\/"},"author":{"name":"SuzannIzabella","@id":"https:\/\/niipit.dk\/suzannizabella\/#\/schema\/person\/1040c37d7073f22336cf047cccbc0447"},"headline":"Jeg har lyst til at forsvinde&#8230;","datePublished":"2019-12-09T10:37:22+00:00","dateModified":"2020-04-26T19:13:08+00:00","mainEntityOfPage":{"@id":"https:\/\/niipit.dk\/suzannizabella\/jeg-har-lyst-til-at-forsvinde\/"},"wordCount":729,"commentCount":0,"image":{"@id":"https:\/\/niipit.dk\/suzannizabella\/jeg-har-lyst-til-at-forsvinde\/#primaryimage"},"thumbnailUrl":"https:\/\/niipit.dk\/suzannizabella\/wp-content\/uploads\/sites\/233\/2019\/12\/Iphone-m-e2b091.png","articleSection":["Blog"],"inLanguage":"da-DK","potentialAction":[{"@type":"CommentAction","name":"Comment","target":["https:\/\/niipit.dk\/suzannizabella\/jeg-har-lyst-til-at-forsvinde\/#respond"]}]},{"@type":"WebPage","@id":"https:\/\/niipit.dk\/suzannizabella\/jeg-har-lyst-til-at-forsvinde\/","url":"https:\/\/niipit.dk\/suzannizabella\/jeg-har-lyst-til-at-forsvinde\/","name":"Jeg har lyst til at forsvinde... - SUZANN IZABELLA","isPartOf":{"@id":"https:\/\/niipit.dk\/suzannizabella\/#website"},"primaryImageOfPage":{"@id":"https:\/\/niipit.dk\/suzannizabella\/jeg-har-lyst-til-at-forsvinde\/#primaryimage"},"image":{"@id":"https:\/\/niipit.dk\/suzannizabella\/jeg-har-lyst-til-at-forsvinde\/#primaryimage"},"thumbnailUrl":"https:\/\/niipit.dk\/suzannizabella\/wp-content\/uploads\/sites\/233\/2019\/12\/Iphone-m-e2b091.png","datePublished":"2019-12-09T10:37:22+00:00","dateModified":"2020-04-26T19:13:08+00:00","author":{"@id":"https:\/\/niipit.dk\/suzannizabella\/#\/schema\/person\/1040c37d7073f22336cf047cccbc0447"},"breadcrumb":{"@id":"https:\/\/niipit.dk\/suzannizabella\/jeg-har-lyst-til-at-forsvinde\/#breadcrumb"},"inLanguage":"da-DK","potentialAction":[{"@type":"ReadAction","target":["https:\/\/niipit.dk\/suzannizabella\/jeg-har-lyst-til-at-forsvinde\/"]}]},{"@type":"ImageObject","inLanguage":"da-DK","@id":"https:\/\/niipit.dk\/suzannizabella\/jeg-har-lyst-til-at-forsvinde\/#primaryimage","url":"https:\/\/niipit.dk\/suzannizabella\/wp-content\/uploads\/sites\/233\/2019\/12\/Iphone-m-e2b091.png","contentUrl":"https:\/\/niipit.dk\/suzannizabella\/wp-content\/uploads\/sites\/233\/2019\/12\/Iphone-m-e2b091.png"},{"@type":"BreadcrumbList","@id":"https:\/\/niipit.dk\/suzannizabella\/jeg-har-lyst-til-at-forsvinde\/#breadcrumb","itemListElement":[{"@type":"ListItem","position":1,"name":"Hjem","item":"https:\/\/niipit.dk\/suzannizabella\/"},{"@type":"ListItem","position":2,"name":"Jeg har lyst til at forsvinde&#8230;"}]},{"@type":"WebSite","@id":"https:\/\/niipit.dk\/suzannizabella\/#website","url":"https:\/\/niipit.dk\/suzannizabella\/","name":"SUZANN IZABELLA","description":"K\u00e6rlig kommunikation \u2764 giver k\u00e6rlige b\u00f8rn","potentialAction":[{"@type":"SearchAction","target":{"@type":"EntryPoint","urlTemplate":"https:\/\/niipit.dk\/suzannizabella\/?s={search_term_string}"},"query-input":{"@type":"PropertyValueSpecification","valueRequired":true,"valueName":"search_term_string"}}],"inLanguage":"da-DK"},{"@type":"Person","@id":"https:\/\/niipit.dk\/suzannizabella\/#\/schema\/person\/1040c37d7073f22336cf047cccbc0447","name":"SuzannIzabella","url":"https:\/\/niipit.dk\/suzannizabella\/author\/suzannizabella\/"}]}},"_links":{"self":[{"href":"https:\/\/niipit.dk\/suzannizabella\/wp-json\/wp\/v2\/posts\/6565","targetHints":{"allow":["GET"]}}],"collection":[{"href":"https:\/\/niipit.dk\/suzannizabella\/wp-json\/wp\/v2\/posts"}],"about":[{"href":"https:\/\/niipit.dk\/suzannizabella\/wp-json\/wp\/v2\/types\/post"}],"author":[{"embeddable":true,"href":"https:\/\/niipit.dk\/suzannizabella\/wp-json\/wp\/v2\/users\/909"}],"replies":[{"embeddable":true,"href":"https:\/\/niipit.dk\/suzannizabella\/wp-json\/wp\/v2\/comments?post=6565"}],"version-history":[{"count":0,"href":"https:\/\/niipit.dk\/suzannizabella\/wp-json\/wp\/v2\/posts\/6565\/revisions"}],"wp:attachment":[{"href":"https:\/\/niipit.dk\/suzannizabella\/wp-json\/wp\/v2\/media?parent=6565"}],"wp:term":[{"taxonomy":"category","embeddable":true,"href":"https:\/\/niipit.dk\/suzannizabella\/wp-json\/wp\/v2\/categories?post=6565"},{"taxonomy":"post_tag","embeddable":true,"href":"https:\/\/niipit.dk\/suzannizabella\/wp-json\/wp\/v2\/tags?post=6565"}],"curies":[{"name":"wp","href":"https:\/\/api.w.org\/{rel}","templated":true}]}}